{"@context":"https:\/\/schema.org\/","@type":"CollectionPage","@id":"https:\/\/www.mahony.cz\/politika\/#CollectionPage","headline":"Politika Category","description":"","url":"https:\/\/www.mahony.cz\/politika\/","hasPart":[{"@type":"Article","@id":"https:\/\/www.mahony.cz\/nekoho-politika-nebere\/","headline":"N\u011bkoho politika nebere","url":"https:\/\/www.mahony.cz\/nekoho-politika-nebere\/","datePublished":"2024-05-22","dateModified":"2024-05-22","mainEntityOfPage":"https:\/\/www.mahony.cz\/nekoho-politika-nebere\/","author":{"@type":"Person","@id":"https:\/\/www.mahony.cz\/author\/#Person","name":"","url":"https:\/\/www.mahony.cz\/author\/","identifier":1,"image":{"@type":"ImageObject","@id":"https:\/\/secure.gravatar.com\/avatar\/4bf629230dc34158290ba5b10491f45b3bfbba94b88af3386c3da2fed730f430?s=96&d=mm&r=g","url":"https:\/\/secure.gravatar.com\/avatar\/4bf629230dc34158290ba5b10491f45b3bfbba94b88af3386c3da2fed730f430?s=96&d=mm&r=g","height":96,"width":96}},"publisher":{"@type":"Organization","name":"mahony.cz","logo":{"@type":"ImageObject","@id":"\/logo.png","url":"\/logo.png","width":600,"height":60}},"image":{"@type":"ImageObject","@id":"https:\/\/www.mahony.cz\/wp-content\/uploads\/bundestag-204771_960_720.jpg","url":"https:\/\/www.mahony.cz\/wp-content\/uploads\/bundestag-204771_960_720.jpg","height":0,"width":0},"keywords":null},{"@type":"Article","@id":"https:\/\/www.mahony.cz\/tridni-sraz\/","headline":"T\u0159\u00eddn\u00ed sraz","url":"https:\/\/www.mahony.cz\/tridni-sraz\/","datePublished":"2023-11-28","dateModified":"2024-06-28","mainEntityOfPage":"https:\/\/www.mahony.cz\/tridni-sraz\/","author":{"@type":"Person","@id":"https:\/\/www.mahony.cz\/author\/#Person","name":"","url":"https:\/\/www.mahony.cz\/author\/","identifier":1,"image":{"@type":"ImageObject","@id":"https:\/\/secure.gravatar.com\/avatar\/4bf629230dc34158290ba5b10491f45b3bfbba94b88af3386c3da2fed730f430?s=96&d=mm&r=g","url":"https:\/\/secure.gravatar.com\/avatar\/4bf629230dc34158290ba5b10491f45b3bfbba94b88af3386c3da2fed730f430?s=96&d=mm&r=g","height":96,"width":96}},"publisher":{"@type":"Organization","name":"mahony.cz","logo":{"@type":"ImageObject","@id":"\/logo.png","url":"\/logo.png","width":600,"height":60}},"image":{"@type":"ImageObject","@id":"https:\/\/www.mahony.cz\/wp-content\/uploads\/us-capitol-466531_960_720.jpg","url":"https:\/\/www.mahony.cz\/wp-content\/uploads\/us-capitol-466531_960_720.jpg","height":0,"width":0},"keywords":null},{"@type":"Article","@id":"https:\/\/www.mahony.cz\/nenechejme-politiky-v-klidu\/","headline":"Nenechejme politiky v klidu","url":"https:\/\/www.mahony.cz\/nenechejme-politiky-v-klidu\/","datePublished":"2023-10-03","dateModified":"2024-06-04","mainEntityOfPage":"https:\/\/www.mahony.cz\/nenechejme-politiky-v-klidu\/","author":{"@type":"Person","@id":"https:\/\/www.mahony.cz\/author\/#Person","name":"","url":"https:\/\/www.mahony.cz\/author\/","identifier":1,"image":{"@type":"ImageObject","@id":"https:\/\/secure.gravatar.com\/avatar\/4bf629230dc34158290ba5b10491f45b3bfbba94b88af3386c3da2fed730f430?s=96&d=mm&r=g","url":"https:\/\/secure.gravatar.com\/avatar\/4bf629230dc34158290ba5b10491f45b3bfbba94b88af3386c3da2fed730f430?s=96&d=mm&r=g","height":96,"width":96}},"publisher":{"@type":"Organization","name":"mahony.cz","logo":{"@type":"ImageObject","@id":"\/logo.png","url":"\/logo.png","width":600,"height":60}},"image":{"@type":"ImageObject","@id":"https:\/\/www.mahony.cz\/wp-content\/uploads\/ppppp_4.jpg","url":"https:\/\/www.mahony.cz\/wp-content\/uploads\/ppppp_4.jpg","height":0,"width":0},"keywords":null},{"@type":"Article","@id":"https:\/\/www.mahony.cz\/zeolit-muzete-vyuzit-nejen-pro-filtrovani-vody-v-bazenech\/","headline":"Zeolit m\u016f\u017eete vyu\u017e\u00edt (nejen) pro filtrov\u00e1n\u00ed vody v baz\u00e9nech","url":"https:\/\/www.mahony.cz\/zeolit-muzete-vyuzit-nejen-pro-filtrovani-vody-v-bazenech\/","datePublished":"2019-09-18","dateModified":"2019-09-18","mainEntityOfPage":"https:\/\/www.mahony.cz\/zeolit-muzete-vyuzit-nejen-pro-filtrovani-vody-v-bazenech\/","author":{"@type":"Person","@id":"https:\/\/www.mahony.cz\/author\/#Person","name":"","url":"https:\/\/www.mahony.cz\/author\/","identifier":1,"image":{"@type":"ImageObject","@id":"https:\/\/secure.gravatar.com\/avatar\/4bf629230dc34158290ba5b10491f45b3bfbba94b88af3386c3da2fed730f430?s=96&d=mm&r=g","url":"https:\/\/secure.gravatar.com\/avatar\/4bf629230dc34158290ba5b10491f45b3bfbba94b88af3386c3da2fed730f430?s=96&d=mm&r=g","height":96,"width":96}},"publisher":{"@type":"Organization","name":"mahony.cz","logo":{"@type":"ImageObject","@id":"\/logo.png","url":"\/logo.png","width":600,"height":60}},"image":{"@type":"ImageObject","@id":"https:\/\/www.mahony.cz\/wp-content\/uploads\/img_a365322_w2244_t1578237946.jpg","url":"https:\/\/www.mahony.cz\/wp-content\/uploads\/img_a365322_w2244_t1578237946.jpg","height":0,"width":0},"keywords":null},{"@type":"Article","@id":"https:\/\/www.mahony.cz\/nevylevejte-vodu-do-kanalu-pristi-rok-se-bude-hodit\/","headline":"Nevyl\u00e9vejte vodu do kan\u00e1lu, p\u0159\u00ed\u0161t\u00ed rok se bude hodit","url":"https:\/\/www.mahony.cz\/nevylevejte-vodu-do-kanalu-pristi-rok-se-bude-hodit\/","datePublished":"2019-08-14","dateModified":"2019-08-14","mainEntityOfPage":"https:\/\/www.mahony.cz\/nevylevejte-vodu-do-kanalu-pristi-rok-se-bude-hodit\/","author":{"@type":"Person","@id":"https:\/\/www.mahony.cz\/author\/#Person","name":"","url":"https:\/\/www.mahony.cz\/author\/","identifier":1,"image":{"@type":"ImageObject","@id":"https:\/\/secure.gravatar.com\/avatar\/4bf629230dc34158290ba5b10491f45b3bfbba94b88af3386c3da2fed730f430?s=96&d=mm&r=g","url":"https:\/\/secure.gravatar.com\/avatar\/4bf629230dc34158290ba5b10491f45b3bfbba94b88af3386c3da2fed730f430?s=96&d=mm&r=g","height":96,"width":96}},"publisher":{"@type":"Organization","name":"mahony.cz","logo":{"@type":"ImageObject","@id":"\/logo.png","url":"\/logo.png","width":600,"height":60}},"image":{"@type":"ImageObject","@id":"https:\/\/www.mahony.cz\/wp-content\/uploads\/img_a363017_w2136_t1575886966.jpg","url":"https:\/\/www.mahony.cz\/wp-content\/uploads\/img_a363017_w2136_t1575886966.jpg","height":0,"width":0},"keywords":null},{"@type":"Article","@id":"https:\/\/www.mahony.cz\/co-sledovat-pri-nakupu-autozarovky-pro-predni-svetla\/","headline":"Co sledovat p\u0159i n\u00e1kupu auto\u017e\u00e1rovky pro p\u0159edn\u00ed sv\u011btla","url":"https:\/\/www.mahony.cz\/co-sledovat-pri-nakupu-autozarovky-pro-predni-svetla\/","datePublished":"2019-03-14","dateModified":"2019-03-14","mainEntityOfPage":"https:\/\/www.mahony.cz\/co-sledovat-pri-nakupu-autozarovky-pro-predni-svetla\/","author":{"@type":"Person","@id":"https:\/\/www.mahony.cz\/author\/#Person","name":"","url":"https:\/\/www.mahony.cz\/author\/","identifier":1,"image":{"@type":"ImageObject","@id":"https:\/\/secure.gravatar.com\/avatar\/4bf629230dc34158290ba5b10491f45b3bfbba94b88af3386c3da2fed730f430?s=96&d=mm&r=g","url":"https:\/\/secure.gravatar.com\/avatar\/4bf629230dc34158290ba5b10491f45b3bfbba94b88af3386c3da2fed730f430?s=96&d=mm&r=g","height":96,"width":96}},"publisher":{"@type":"Organization","name":"mahony.cz","logo":{"@type":"ImageObject","@id":"\/logo.png","url":"\/logo.png","width":600,"height":60}},"image":{"@type":"ImageObject","@id":"https:\/\/www.mahony.cz\/wp-content\/uploads\/img_a344220_w1734_t1557809718.jpg","url":"https:\/\/www.mahony.cz\/wp-content\/uploads\/img_a344220_w1734_t1557809718.jpg","height":0,"width":0},"keywords":null}]}