[{"@context":"https:\/\/schema.org\/","@type":"Article","@id":"https:\/\/www.mahony.cz\/mistni-obyvatele\/#Article","mainEntityOfPage":"https:\/\/www.mahony.cz\/mistni-obyvatele\/","headline":"M\u00edstn\u00ed obyvatel\u00e9","name":"M\u00edstn\u00ed obyvatel\u00e9","description":"Mnoho lid\u00ed si chce samoz\u0159ejm\u011b u\u017e\u00edvat dovolenou. A\u00a0to bych nebyla j\u00e1, ani abych j\u00e1 netou\u017eila po kr\u00e1sn\u00e9 a bohat\u00e9 dovolen\u00e9. V\u017edycky nejrad\u011bji m\u00e1m takovou dovolenou, kde si mohu d\u011blat t\u00e9m\u011b\u0159 co chci a hlavn\u011b, aby to byla takov\u00e1 dovolen\u00e1, kde je teplo a kr\u00e1sn\u00e9 mo\u0159e, kr\u00e1sn\u00e9\u00a0\u0161ir\u00e9 mo\u0159e, modr\u00e9 mo\u0159e a nekone\u010dn\u00fd p\u00edsek. P\u0159esn\u011b takov\u00e9to p\u00eds\u010dit\u00e9&hellip;","datePublished":"2023-12-31","dateModified":"2023-12-31","author":{"@type":"Person","@id":"https:\/\/www.mahony.cz\/author\/#Person","name":"","url":"https:\/\/www.mahony.cz\/author\/","identifier":1,"image":{"@type":"ImageObject","@id":"https:\/\/secure.gravatar.com\/avatar\/4bf629230dc34158290ba5b10491f45b3bfbba94b88af3386c3da2fed730f430?s=96&d=mm&r=g","url":"https:\/\/secure.gravatar.com\/avatar\/4bf629230dc34158290ba5b10491f45b3bfbba94b88af3386c3da2fed730f430?s=96&d=mm&r=g","height":96,"width":96}},"publisher":{"@type":"Organization","name":"mahony.cz","logo":{"@type":"ImageObject","@id":"\/logo.png","url":"\/logo.png","width":600,"height":60}},"image":{"@type":"ImageObject","@id":"https:\/\/www.mahony.cz\/wp-content\/uploads\/girl-3528292_960_720_3.jpg","url":"https:\/\/www.mahony.cz\/wp-content\/uploads\/girl-3528292_960_720_3.jpg","height":0,"width":0},"url":"https:\/\/www.mahony.cz\/mistni-obyvatele\/","about":["Dovolen\u00e1"],"wordCount":407,"articleBody":"Mnoho lid\u00ed si chce samoz\u0159ejm\u011b u\u017e\u00edvat dovolenou. A\u00a0to bych nebyla j\u00e1, ani abych j\u00e1 netou\u017eila po kr\u00e1sn\u00e9 a bohat\u00e9 dovolen\u00e9. V\u017edycky nejrad\u011bji m\u00e1m takovou dovolenou, kde si mohu d\u011blat t\u00e9m\u011b\u0159 co chci a hlavn\u011b, aby to byla takov\u00e1 dovolen\u00e1, kde je teplo a kr\u00e1sn\u00e9 mo\u0159e, kr\u00e1sn\u00e9\u00a0\u0161ir\u00e9 mo\u0159e, modr\u00e9 mo\u0159e a nekone\u010dn\u00fd p\u00edsek. P\u0159esn\u011b takov\u00e9to p\u00eds\u010dit\u00e9 pl\u00e1\u017ee m\u00e1m na dovolen\u00e9 nejrad\u011bji. Ov\u0161em ale kdy\u017e jedeme\u00a0t\u0159eba s p\u0159\u00e1teli do Chorvatska, tak tam je jsou kam\u00ednky a tohle m\u011b v\u017edycky hodn\u011b vad\u00ed. Jenom\u017ee moji\u00a0p\u0159\u00e1tel\u00e9 si nemohou dovolit nic jin\u00e9ho, ne\u017e Chorvatsko nebo Bulharsko, a tak jim v\u017edycky \u0159eknu, \u017ee Chorvatsko je podle m\u00e9ho n\u00e1zoru opravdu nejlep\u0161\u00ed volba.J\u00e1 nejrad\u011bji jezd\u00edm do It\u00e1lie nebo do \u0160pan\u011blska anebo tak\u00e9 na Maltu. Na Malt\u011b jsem byla s partnerem, tedy se sv\u00fdm b\u00fdval\u00fdm partnerem. My jsme se roze\u0161li. A\u00a0v\u00edte, co se stalo?\u00a0M\u016fj partner z\u016fstal na Malt\u011b, on si\u00a0tam asi na\u0161el n\u011bjakou partnerku. Ani do t\u00e9to doby nev\u00edm, jestli to byla \u010ce\u0161ka\u00a0nebo cizinka anebo p\u0159\u00edmo m\u00edstn\u00ed obyvatelka. Ale partner se\u00a0jednodu\u0161e na Malt, zamiloval. Samoz\u0159ejm\u011b, \u017ee m\u011b to hodn\u011b vadilo, ale co jsem m\u011bla d\u011blat, p\u0159ece nebudu partnera dr\u017eet jenom u m\u011b u m\u011b. To je tak, \u017ee kdy\u017e u\u017e partner m\u011b nechce, \u017ee ho rozhodn\u011b nebudu p\u0159emlouvat, kdy\u017e se zamiloval do jin\u00e9.Tak jak ho m\u016f\u017eu\u00a0p\u0159emluvit, aby se zamiloval zp\u00e1tky\u00a0do m\u011b? Tohle rozhodn\u011b ne. Samoz\u0159ejm\u011b, \u017ee tahle dovolen\u00e1 na Malt\u011b m\u011b opravdu hodn\u011b zni\u010dila a na Maltu\u00a0u\u017e nikdy nechci jet. Dokonce partner na Malt\u011b bydl\u00ed. Tak\u017ee kdy\u017e jede na dovolenou, tak ur\u010dit\u011b jede na dovolenou do \u010cesk\u00e9 republiky za svou rodinou a za sv\u00fdmi p\u0159\u00e1teli. A ani nem\u00e1m n\u00e1ladu, abych jeho partnerku poznala a kdo v\u00ed, t\u0159eba u\u017e s n\u00ed nen\u00ed. T\u0159eba u\u017e m\u00e1 jinou partnerku, t\u0159eba partner cestoval n\u011bkam do zahrani\u010d\u00ed, t\u0159eba do \u0160pan\u011blska nebo do It\u00e1lie, a na\u0161el si\u00a0tam tak\u00e9 m\u00edstn\u00ed partnerku. Ale j\u00e1 se ani nediv\u00edm. V dne\u0161n\u00ed dob\u011b je norm\u00e1ln\u00ed, \u017ee se lid\u00e9 provdaj\u00ed do ciziny.\u00a0                                                                                                                                                                                                                                                                                                                                                                                                "},{"@context":"https:\/\/schema.org\/","@type":"BreadcrumbList","itemListElement":[{"@type":"ListItem","position":1,"name":"M\u00edstn\u00ed obyvatel\u00e9","item":"https:\/\/www.mahony.cz\/mistni-obyvatele\/#breadcrumbitem"}]}]