[{"@context":"https:\/\/schema.org\/","@type":"Article","@id":"https:\/\/www.mahony.cz\/kdyz-si-chcete-uzit-pohodove-odpoledne-ci-vecer\/#Article","mainEntityOfPage":"https:\/\/www.mahony.cz\/kdyz-si-chcete-uzit-pohodove-odpoledne-ci-vecer\/","headline":"Kdy\u017e si chcete u\u017e\u00edt pohodov\u00e9 odpoledne \u010di ve\u010der","name":"Kdy\u017e si chcete u\u017e\u00edt pohodov\u00e9 odpoledne \u010di ve\u010der","description":"Nev\u00edte, co s na\u010dat\u00fdm odpolednem? Vybrali jste si volno v pr\u00e1ci, ve\u010der nikam nechcete j\u00edt, tak\u017ee jste se rozhodli jen tak leno\u0161it a relaxovat? A co je k takov\u00e9mu spr\u00e1vn\u00e9mu leno\u0161en\u00ed zapot\u0159eb\u00ed? \u0160\u00e1lek n\u011b\u010deho hork\u00e9ho, n\u011b\u010deho, co dokonale podkresl\u00ed atmosf\u00e9ru pohody a radosti ze \u017eivota. Dovolte n\u00e1m, abychom v\u00e1m pro takov\u00e9 p\u0159\u00edle\u017eitosti nab\u00eddli n\u00e1\u0161 zelen\u00fd&hellip;","datePublished":"2025-09-01","dateModified":"2025-09-01","author":{"@type":"Person","@id":"https:\/\/www.mahony.cz\/author\/#Person","name":"","url":"https:\/\/www.mahony.cz\/author\/","identifier":1,"image":{"@type":"ImageObject","@id":"https:\/\/secure.gravatar.com\/avatar\/4bf629230dc34158290ba5b10491f45b3bfbba94b88af3386c3da2fed730f430?s=96&d=mm&r=g","url":"https:\/\/secure.gravatar.com\/avatar\/4bf629230dc34158290ba5b10491f45b3bfbba94b88af3386c3da2fed730f430?s=96&d=mm&r=g","height":96,"width":96}},"publisher":{"@type":"Organization","name":"mahony.cz","logo":{"@type":"ImageObject","@id":"\/logo.png","url":"\/logo.png","width":600,"height":60}},"url":"https:\/\/www.mahony.cz\/kdyz-si-chcete-uzit-pohodove-odpoledne-ci-vecer\/","wordCount":242,"articleBody":"Nev\u00edte, co s na\u010dat\u00fdm odpolednem? Vybrali jste si volno v pr\u00e1ci, ve\u010der nikam nechcete j\u00edt, tak\u017ee jste se rozhodli jen tak leno\u0161it a relaxovat? A co je k takov\u00e9mu spr\u00e1vn\u00e9mu leno\u0161en\u00ed zapot\u0159eb\u00ed? \u0160\u00e1lek n\u011b\u010deho hork\u00e9ho, n\u011b\u010deho, co dokonale podkresl\u00ed atmosf\u00e9ru pohody a radosti ze \u017eivota. Dovolte n\u00e1m, abychom v\u00e1m pro takov\u00e9 p\u0159\u00edle\u017eitosti nab\u00eddli n\u00e1\u0161 zelen\u00fd \u010daj kofein, kter\u00fd je pro to jako d\u011blan\u00fd. Pot\u0159ebujete se odreagovat, pot\u0159ebujete chv\u00edli nemyslet na to, co v\u00e1s ni\u010d\u00ed, na hromady pracovn\u00edch i osobn\u00edch \u00fakol\u016f a starost\u00ed. Tomu rozum\u00edme, a proto p\u0159ich\u00e1z\u00ed na\u0161e nab\u00eddka pr\u00e1v\u011b v\u010das. Na\u0161e nab\u00eddka stoj\u00ed za uv\u00e1\u017een\u00ed Kdy\u017e se pod\u00edv\u00e1te na na\u0161i bohatou nab\u00eddku nejr\u016fzn\u011bj\u0161\u00edch druh \u010daj\u016f a exkluzivn\u00edch druh\u016f k\u00e1vy, pak v\u00e1m bude jasn\u00e9, \u017ee m\u00e1te co d\u011blat s nab\u00eddkou, kter\u00e1 stoj\u00ed za uv\u00e1\u017een\u00ed. A v\u00edce ne\u017e to! Stoj\u00ed hlavn\u011b za ochutn\u00e1n\u00ed, proto\u017ee co by to bylo za \u017eivot, kdybyste si nemohli dop\u0159\u00e1t lahodnou chu\u0165 skute\u010dn\u011b kvalitn\u00edch potravin? A my v\u00e1m nyn\u00ed tu chu\u0165 nab\u00edz\u00edme, bez jak\u00fdchkoliv vyt\u00e1\u010dek. L\u00edb\u00ed se v\u00e1m to? M\u011blo by, proto\u017ee jak u\u017e bylo naps\u00e1no, stoj\u00ed to za to!                                                                                                                                                                                                                                                                                                                                                                                                "},{"@context":"https:\/\/schema.org\/","@type":"BreadcrumbList","itemListElement":[{"@type":"ListItem","position":1,"name":"Kdy\u017e si chcete u\u017e\u00edt pohodov\u00e9 odpoledne \u010di ve\u010der","item":"https:\/\/www.mahony.cz\/kdyz-si-chcete-uzit-pohodove-odpoledne-ci-vecer\/#breadcrumbitem"}]}]