[{"@context":"https:\/\/schema.org\/","@type":"Article","@id":"https:\/\/www.mahony.cz\/darky-na-vanoce\/#Article","mainEntityOfPage":"https:\/\/www.mahony.cz\/darky-na-vanoce\/","headline":"D\u00e1rky na V\u00e1noce","name":"D\u00e1rky na V\u00e1noce","description":"Ka\u017ed\u00fd rodi\u010d, ale i svobodn\u00fd ur\u010dit\u011b prokl\u00edn\u00e1 tuto tradici ohledn\u011b d\u00e1rk\u016f. Ten n\u00e1m byl zkr\u00e1tka \u010dert dlu\u017een. Nejen, \u017ee je o V\u00e1noc\u00edch shon v pr\u00e1ci, kdy se v\u0161echno mus\u00ed stihnout ud\u011blat za 20 dn\u00ed, ale tak\u00e9 se d\u011bl\u00e1 v\u0161ude gener\u00e1ln\u00ed \u00faklid, aby bylo v\u0161e na sv\u00e1tky p\u0159ipraven\u00e9. Ot\u00e1zkou je n\u011bkdy pro\u010d? V\u00e1noce jsou jeden den&hellip;","datePublished":"2024-09-16","dateModified":"2024-09-16","author":{"@type":"Person","@id":"https:\/\/www.mahony.cz\/author\/#Person","name":"","url":"https:\/\/www.mahony.cz\/author\/","identifier":1,"image":{"@type":"ImageObject","@id":"https:\/\/secure.gravatar.com\/avatar\/4bf629230dc34158290ba5b10491f45b3bfbba94b88af3386c3da2fed730f430?s=96&d=mm&r=g","url":"https:\/\/secure.gravatar.com\/avatar\/4bf629230dc34158290ba5b10491f45b3bfbba94b88af3386c3da2fed730f430?s=96&d=mm&r=g","height":96,"width":96}},"publisher":{"@type":"Organization","name":"mahony.cz","logo":{"@type":"ImageObject","@id":"\/logo.png","url":"\/logo.png","width":600,"height":60}},"image":{"@type":"ImageObject","@id":"https:\/\/www.mahony.cz\/wp-content\/uploads\/holiday-gifts-1849900_640.jpg","url":"https:\/\/www.mahony.cz\/wp-content\/uploads\/holiday-gifts-1849900_640.jpg","height":0,"width":0},"url":"https:\/\/www.mahony.cz\/darky-na-vanoce\/","about":["Nakupov\u00e1n\u00ed"],"wordCount":433,"articleBody":"   Ka\u017ed\u00fd rodi\u010d, ale i svobodn\u00fd ur\u010dit\u011b prokl\u00edn\u00e1 tuto tradici ohledn\u011b d\u00e1rk\u016f. Ten n\u00e1m byl zkr\u00e1tka \u010dert dlu\u017een. Nejen, \u017ee je o V\u00e1noc\u00edch shon v pr\u00e1ci, kdy se v\u0161echno mus\u00ed stihnout ud\u011blat za 20 dn\u00ed, ale tak\u00e9 se d\u011bl\u00e1 v\u0161ude gener\u00e1ln\u00ed \u00faklid, aby bylo v\u0161e na sv\u00e1tky p\u0159ipraven\u00e9. Ot\u00e1zkou je n\u011bkdy pro\u010d? V\u00e1noce jsou jeden den v roce, pak n\u00e1sleduje p\u00e1r sv\u00e1tku a za\u010d\u00edn\u00e1 hned Nov\u00fd rok a jde se op\u011bt do pr\u00e1ce. Pokud u\u017e te\u010f p\u0159em\u00fd\u0161l\u00edte, co koupit za d\u00e1rky na V\u00e1noce, tak se nechte inspirovat.Kryt na telefon \u2013 Jedn\u00e1 se o d\u00e1rek, kter\u00fd se ur\u010dit\u011b neztrat\u00ed. Nestoj\u00ed moc pen\u011bz, a p\u0159itom je pom\u011brn\u011b d\u016fle\u017eit\u00fd. Nejen, \u017ee zabr\u00e1n\u00ed po\u0161kozen\u00ed va\u0161eho telefonu, ale tak\u00e9 zm\u011bn\u00edte designe telefonu podle sebe. Ide\u00e1ln\u00edm d\u00e1rkem je pro d\u011bti, kte\u0159\u00ed nejsou na telefony opatrn\u00ed a neust\u00e1le je rozbij\u00ed. Kryt na iPhone 8, je tak ide\u00e1ln\u00ed d\u00e1rek.P\u0159edplatn\u00e9 \u2013 A\u010dkoliv se d\u0159\u00edv d\u00e1valo p\u0159edplatn\u00e9 hlavn\u011b babi\u010dk\u00e1m, a to \u010dasopis\u016f a nejr\u016fzn\u011bj\u0161\u00edch novin, tak trend se m\u011bn\u00ed. Nyn\u00ed nab\u00edz\u00ed p\u0159edplatn\u00e9 skoro v\u0161ichni a m\u016f\u017eete tak zvolit p\u0159edplatn\u00e9 streamovac\u00edch slu\u017eeb nebo t\u0159eba hry. Dne\u0161n\u00ed generace sleduje pr\u00e1v\u011b streamovac\u00ed slu\u017eby, jako je Netflix, Disney nebo Amazon. Jedn\u00e1 se tak o perfektn\u00ed d\u00e1rek, se kter\u00fdm si nemus\u00edte d\u00e1t moc pr\u00e1ce.Prodlou\u017een\u00fd v\u00edkend \u2013 Domluvte si s rodi\u010di nebo s prababi\u010dkou hl\u00edd\u00e1n\u00ed d\u011bt\u00ed a zamluvte si n\u011bkde prodlou\u017een\u00fd v\u00edkend s man\u017eelkou. Dop\u0159ejete si odpo\u010dinku, naberete novou energii a zkr\u00e1tka si oddechnete od denn\u00edho shonu. Man\u017eelka bude ur\u010dit\u011b nad\u0161en\u00e1 a u\u017e dop\u0159edu se bude t\u011b\u0161it, a\u017e budete m\u00edt \u010das sami na sebe. T\u0159eba se v\u00e1m po\u0161t\u011bst\u00ed a p\u0159ivedete na sv\u011bt dal\u0161\u00edho svi\u0161t\u011b, kter\u00fd v\u00e1m bude d\u011blat velkou radost.V\u011b\u0159te, \u017ee nejd\u016fle\u017eit\u011bj\u0161\u00edch na V\u00e1noc\u00edch je to, b\u00fdt spolu. Nejde o d\u00e1rky, ani o j\u00eddlo, ale o to, si sednout, v poklidn\u00e9 v\u00e1no\u010dn\u00ed atmosf\u00e9\u0159e si oddychnout a popov\u00eddat si s rodinou. Pr\u00e1v\u011b ta je tu pro v\u00e1s cel\u00fd \u017eivot a V\u00e1noce jsou pr\u00e1v\u011b o rodin\u011b.                                                                                                                                                                                                                                                                                                                                                                                                  "},{"@context":"https:\/\/schema.org\/","@type":"BreadcrumbList","itemListElement":[{"@type":"ListItem","position":1,"name":"D\u00e1rky na V\u00e1noce","item":"https:\/\/www.mahony.cz\/darky-na-vanoce\/#breadcrumbitem"}]}]